{"id":893,"date":"2023-05-05T09:45:14","date_gmt":"2023-05-05T07:45:14","guid":{"rendered":"https:\/\/staging.glaskasten.de\/?p=893"},"modified":"2023-05-19T08:43:43","modified_gmt":"2023-05-19T06:43:43","slug":"new-mounting-bracket-for-drywall","status":"publish","type":"post","link":"https:\/\/glaskasten.de\/fr\/new-mounting-bracket-for-drywall\/","title":{"rendered":"Nouveau : Support de montage pour cloisons en pl\u00e2tre"},"content":{"rendered":"<p>Les vitrines sont fabriqu\u00e9es \u00e0 partir de composants et de mat\u00e9riaux de haute qualit\u00e9 tels que le verre, l'aluminium et l'acier. Elles sont donc tr\u00e8s robustes et durables, mais elles peuvent aussi \u00eatre assez lourdes, surtout lorsqu'elles sont remplies d'une collection de mod\u00e8les de trains. En g\u00e9n\u00e9ral, cela ne pose pas de probl\u00e8me, car les vitrines sont dot\u00e9es d'un syst\u00e8me de fixation murale r\u00e9glable en hauteur, avec des supports de montage, des vis et des chevilles robustes, qui convient parfaitement aux murs en b\u00e9ton, en brique ou en pierre.<\/p>\n\n\n\n<p>Les cloisons s\u00e8ches (plaques de pl\u00e2tre ou b\u00e9ton cellulaire) risquent toutefois de ne pas pouvoir supporter les charges des supports standard, m\u00eame lorsqu'elles sont utilis\u00e9es avec des chevilles sp\u00e9ciales. C'est pourquoi nous proposons d\u00e9sormais un rail de montage optionnel qui s'\u00e9tend sur toute la largeur entre les supports de montage de la vitrine. Cela signifie qu'elle peut \u00eatre fix\u00e9e \u00e0 plusieurs endroits sur la plaque de pl\u00e2tre et, plus important encore, sur les montants (dans le cas d'un mur \u00e0 ossature m\u00e9tallique ou en bois). <\/p>","protected":false},"excerpt":{"rendered":"<p>Glaskasten propose en option un rail de montage pour cloisons s\u00e8ches, qui s'\u00e9tend sur toute la largeur entre les supports de montage de la vitrine.<\/p>","protected":false},"author":2,"featured_media":838,"comment_status":"closed","ping_status":"closed","sticky":false,"template":"","format":"standard","meta":{"footnotes":""},"categories":[28],"tags":[],"class_list":["post-893","post","type-post","status-publish","format-standard","has-post-thumbnail","hentry","category-news"],"_links":{"self":[{"href":"https:\/\/glaskasten.de\/fr\/wp-json\/wp\/v2\/posts\/893","targetHints":{"allow":["GET"]}}],"collection":[{"href":"https:\/\/glaskasten.de\/fr\/wp-json\/wp\/v2\/posts"}],"about":[{"href":"https:\/\/glaskasten.de\/fr\/wp-json\/wp\/v2\/types\/post"}],"author":[{"embeddable":true,"href":"https:\/\/glaskasten.de\/fr\/wp-json\/wp\/v2\/users\/2"}],"replies":[{"embeddable":true,"href":"https:\/\/glaskasten.de\/fr\/wp-json\/wp\/v2\/comments?post=893"}],"version-history":[{"count":0,"href":"https:\/\/glaskasten.de\/fr\/wp-json\/wp\/v2\/posts\/893\/revisions"}],"wp:featuredmedia":[{"embeddable":true,"href":"https:\/\/glaskasten.de\/fr\/wp-json\/wp\/v2\/media\/838"}],"wp:attachment":[{"href":"https:\/\/glaskasten.de\/fr\/wp-json\/wp\/v2\/media?parent=893"}],"wp:term":[{"taxonomy":"category","embeddable":true,"href":"https:\/\/glaskasten.de\/fr\/wp-json\/wp\/v2\/categories?post=893"},{"taxonomy":"post_tag","embeddable":true,"href":"https:\/\/glaskasten.de\/fr\/wp-json\/wp\/v2\/tags?post=893"}],"curies":[{"name":"wp","href":"https:\/\/api.w.org\/{rel}","templated":true}]}}